{"id":3268,"date":"2025-02-11T06:30:22","date_gmt":"2025-02-11T05:30:22","guid":{"rendered":"https:\/\/www.mieli-testi.org\/blog\/autismi\/i-am-autistic-now-what\/"},"modified":"2025-02-11T17:51:20","modified_gmt":"2025-02-11T16:51:20","slug":"i-am-autistic-now-what","status":"publish","type":"post","link":"https:\/\/www.mieli-testi.org\/blog\/autismi\/i-am-autistic-now-what\/","title":{"rendered":"I am autistic now what"},"content":{"rendered":"<div class=\"topics\">\n<div class=\"topic\">\n<h2>Autistina el\u00e4m\u00e4ss\u00e4: Mit\u00e4 se tarkoittaa ja miten selviyty\u00e4 arjessa?<\/h2>\n<p>Autismi on neurologinen kehitysh\u00e4iri\u00f6, joka vaikuttaa yksil\u00f6n kommunikointiin, sosiaalisiin vuorovaikutustaitoihin ja k\u00e4ytt\u00e4ytymiseen. Se on monimuotoinen h\u00e4iri\u00f6, joka ilmenee eri tavoin eri ihmisill\u00e4. Autistina el\u00e4minen voi olla haastavaa ja vaatii usein erityist\u00e4 tukea ja ymm\u00e4rryst\u00e4 ymp\u00e4rist\u00f6lt\u00e4.<\/p>\n<p>Autistina el\u00e4m\u00e4ss\u00e4 tarkoittaa sit\u00e4, ett\u00e4 yksil\u00f6 kokee maailman eri tavalla kuin muut. He voivat olla herkempi\u00e4 aistien \u00e4rsykkeille, kuten valolle, \u00e4\u00e4nille ja hajuille. He saattavat my\u00f6s olla hyvin tarkkoja rutiineistaan ja muutoksista voi olla vaikea selviyty\u00e4. Autistit voivat my\u00f6s olla hyvin kiinnostuneita tietyst\u00e4 aiheesta ja omistautua sille t\u00e4ysin.<\/p>\n<p>Arjessa autistina el\u00e4minen voi tuoda haasteita erityisesti sosiaalisissa tilanteissa. Autistit voivat kokea<\/p>\n<\/div>\n<div class=\"topic\">\n<h2>Autismin diagnoosi: Mit\u00e4 se tarkoittaa ja miten se vaikuttaa el\u00e4m\u00e4\u00e4n?<\/h2>\n<p>Autismi on neurologinen kehitysh\u00e4iri\u00f6, joka vaikuttaa yksil\u00f6n sosiaaliseen vuorovaikutukseen, kommunikointitaitoihin ja k\u00e4ytt\u00e4ytymiseen. Se diagnosoidaan yleens\u00e4 varhaislapsuudessa, ja se vaikuttaa yksil\u00f6n el\u00e4m\u00e4\u00e4n monin eri tavoin.<\/p>\n<p>Autismin diagnoosi perustuu tarkkaan arviointiin lapsen k\u00e4ytt\u00e4ytymisest\u00e4 ja kehityksest\u00e4. Yleens\u00e4 diagnoosi tehd\u00e4\u00e4n lapsen ollessa noin 2-3-vuotias, mutta joissakin tapauksissa se voidaan tehd\u00e4 jo alle vuoden ik\u00e4iselle lapselle. Diagnoosin tekemiseen tarvitaan usein moniammatillinen tiimi, johon kuuluu esimerkiksi lastenl\u00e4\u00e4k\u00e4ri, psykologi ja puheterapeutti.<\/p>\n<p>Autismin diagnoosi perustuu tarkkaan kriteerist\u00f6\u00f6n, joka on m\u00e4\u00e4ritelty kansainv\u00e4lisess\u00e4 tautiluokituksessa (ICD-10) ja Yhdysvaltain psykiatrisessa diagnoosik\u00e4sikirjassa (DS<\/p>\n<\/div>\n<div class=\"topic\">\n<h2>Autismin erityispiirteet ja niiden hallinta: Vinkkej\u00e4 autistille ja l\u00e4heisille<\/h2>\n<p>Autismi on neurologinen kehitysh\u00e4iri\u00f6, joka vaikuttaa yksil\u00f6n sosiaaliseen vuorovaikutukseen, kommunikointiin ja k\u00e4ytt\u00e4ytymiseen. Autismin erityispiirteet voivat vaihdella suuresti yksil\u00f6st\u00e4 toiseen, mutta yleisimpi\u00e4 oireita ovat vaikeudet sosiaalisessa vuorovaikutuksessa, toistuva ja rutiininomainen k\u00e4ytt\u00e4ytyminen sek\u00e4 aistiyliherkkyydet.<\/p>\n<p>Autismin erityispiirteet voivat aiheuttaa haasteita niin autistille itselleen kuin h\u00e4nen l\u00e4heisilleenkin. Siksi on t\u00e4rke\u00e4\u00e4 ymm\u00e4rt\u00e4\u00e4 n\u00e4it\u00e4 piirteit\u00e4 ja oppia hallitsemaan niit\u00e4. T\u00e4ss\u00e4 artikkelissa jaamme vinkkej\u00e4 autistille ja h\u00e4nen l\u00e4heisilleen autismin erityispiirteiden hallintaan.<\/p>\n<p>1. Sosiaalisen vuorovaikutuksen haasteet<\/p>\n<p>Autistilla voi olla vaikeuksia ymm\u00e4rt\u00e4\u00e4 sosiaalisia vihjeit\u00e4 ja tulkita toisten ihmisten tunteita ja aj<\/p>\n<\/div>\n<div class=\"topic\">\n<h2>Autismin hyv\u00e4ksyminen ja itsest\u00e4 huolehtiminen: Miten l\u00f6yt\u00e4\u00e4 tasapaino ja voimaantua?<\/h2>\n<p>Autismi on neurologinen kehitysh\u00e4iri\u00f6, joka vaikuttaa yksil\u00f6n kommunikointiin, sosiaalisiin vuorovaikutustaitoihin ja k\u00e4ytt\u00e4ytymiseen. Se voi my\u00f6s aiheuttaa aistiyliherkkyyksi\u00e4 ja rajoittuneita kiinnostuksen kohteita. Autismin hyv\u00e4ksyminen ja itsens\u00e4 huolehtiminen ovat t\u00e4rkeit\u00e4 osia autistisen henkil\u00f6n el\u00e4m\u00e4ss\u00e4, ja niiden avulla voidaan l\u00f6yt\u00e4\u00e4 tasapaino ja voimaantua.<\/p>\n<p>Ensimm\u00e4inen askel autismin hyv\u00e4ksymisess\u00e4 on ymm\u00e4rt\u00e4\u00e4, ett\u00e4 se on osa henkil\u00f6n identiteetti\u00e4 eik\u00e4 sit\u00e4 voi muuttaa. Autismin hyv\u00e4ksyminen ei tarkoita sen hyv\u00e4ksymist\u00e4, ett\u00e4 henkil\u00f6 on jotenkin viallinen tai erilainen, vaan se on tapa kunnioittaa ja arvostaa yksil\u00f6n ainutlaatuisuutta. Hyv\u00e4ksyminen auttaa my\u00f6s v\u00e4hent\u00e4m\u00e4\u00e4n stressi\u00e4 ja ahdistusta, jotka voivat johtua yritt\u00e4misest\u00e4 sopeutua ymp<\/p>\n<\/div>\n<\/div>\n","protected":false},"excerpt":{"rendered":"<p>Autistina el\u00e4m\u00e4ss\u00e4: Mit\u00e4 se tarkoittaa ja miten selviyty\u00e4 arjessa? Autismi on neurologinen kehitysh\u00e4iri\u00f6, joka vaikuttaa yksil\u00f6n kommunikointiin, sosiaalisiin vuorovaikutustaitoihin ja k\u00e4ytt\u00e4ytymiseen. Se on monimuotoinen h\u00e4iri\u00f6,&#8230;<\/p>\n","protected":false},"author":1,"featured_media":3270,"comment_status":"closed","ping_status":"open","sticky":false,"template":"","format":"standard","meta":{"inline_featured_image":false},"categories":[849],"tags":[],"yoast_head":"<!-- This site is optimized with the Yoast SEO plugin v18.1 - https:\/\/yoast.com\/wordpress\/plugins\/seo\/ -->\n<title>I am autistic now what - Mieli Testi<\/title>\n<meta name=\"robots\" content=\"index, follow, max-snippet:-1, max-image-preview:large, max-video-preview:-1\" \/>\n<link rel=\"canonical\" href=\"https:\/\/www.mieli-testi.org\/blog\/autismi\/i-am-autistic-now-what\/\" \/>\n<meta property=\"og:locale\" content=\"fi_FI\" \/>\n<meta property=\"og:type\" content=\"article\" \/>\n<meta property=\"og:title\" content=\"I am autistic now what - Mieli Testi\" \/>\n<meta property=\"og:description\" content=\"Autistina el\u00e4m\u00e4ss\u00e4: Mit\u00e4 se tarkoittaa ja miten selviyty\u00e4 arjessa? Autismi on neurologinen kehitysh\u00e4iri\u00f6, joka vaikuttaa yksil\u00f6n kommunikointiin, sosiaalisiin vuorovaikutustaitoihin ja k\u00e4ytt\u00e4ytymiseen. Se on monimuotoinen h\u00e4iri\u00f6,...\" \/>\n<meta property=\"og:url\" content=\"https:\/\/www.mieli-testi.org\/blog\/autismi\/i-am-autistic-now-what\/\" \/>\n<meta property=\"og:site_name\" content=\"Mieli Testi\" \/>\n<meta property=\"article:published_time\" content=\"2025-02-11T05:30:22+00:00\" \/>\n<meta property=\"article:modified_time\" content=\"2025-02-11T16:51:20+00:00\" \/>\n<meta property=\"og:image\" content=\"https:\/\/www.mieli-testi.org\/blog\/wp-content\/uploads\/2025\/02\/image-20.png\" \/>\n\t<meta property=\"og:image:width\" content=\"256\" \/>\n\t<meta property=\"og:image:height\" content=\"256\" \/>\n\t<meta property=\"og:image:type\" content=\"image\/png\" \/>\n<meta name=\"twitter:card\" content=\"summary_large_image\" \/>\n<meta name=\"twitter:label1\" content=\"Kirjoittanut\" \/>\n\t<meta name=\"twitter:data1\" content=\"Mieli Testi\" \/>\n\t<meta name=\"twitter:label2\" content=\"Arvioitu lukuaika\" \/>\n\t<meta name=\"twitter:data2\" content=\"3 minuuttia\" \/>\n<script type=\"application\/ld+json\" class=\"yoast-schema-graph\">{\"@context\":\"https:\/\/schema.org\",\"@graph\":[{\"@type\":\"WebSite\",\"@id\":\"https:\/\/www.mieli-testi.org\/blog\/#website\",\"url\":\"https:\/\/www.mieli-testi.org\/blog\/\",\"name\":\"Mieli Testi\",\"description\":\"Blogi mielen h\u00e4iri\u00f6ist\u00e4\",\"potentialAction\":[{\"@type\":\"SearchAction\",\"target\":{\"@type\":\"EntryPoint\",\"urlTemplate\":\"https:\/\/www.mieli-testi.org\/blog\/?s={search_term_string}\"},\"query-input\":\"required name=search_term_string\"}],\"inLanguage\":\"fi\"},{\"@type\":\"ImageObject\",\"@id\":\"https:\/\/www.mieli-testi.org\/blog\/autismi\/i-am-autistic-now-what\/#primaryimage\",\"inLanguage\":\"fi\",\"url\":\"https:\/\/www.mieli-testi.org\/blog\/wp-content\/uploads\/2025\/02\/image-20.png\",\"contentUrl\":\"https:\/\/www.mieli-testi.org\/blog\/wp-content\/uploads\/2025\/02\/image-20.png\",\"width\":256,\"height\":256},{\"@type\":\"WebPage\",\"@id\":\"https:\/\/www.mieli-testi.org\/blog\/autismi\/i-am-autistic-now-what\/#webpage\",\"url\":\"https:\/\/www.mieli-testi.org\/blog\/autismi\/i-am-autistic-now-what\/\",\"name\":\"I am autistic now what - Mieli Testi\",\"isPartOf\":{\"@id\":\"https:\/\/www.mieli-testi.org\/blog\/#website\"},\"primaryImageOfPage\":{\"@id\":\"https:\/\/www.mieli-testi.org\/blog\/autismi\/i-am-autistic-now-what\/#primaryimage\"},\"datePublished\":\"2025-02-11T05:30:22+00:00\",\"dateModified\":\"2025-02-11T16:51:20+00:00\",\"author\":{\"@id\":\"https:\/\/www.mieli-testi.org\/blog\/#\/schema\/person\/8eb1bcaf59fea75c780c11946f4e3490\"},\"breadcrumb\":{\"@id\":\"https:\/\/www.mieli-testi.org\/blog\/autismi\/i-am-autistic-now-what\/#breadcrumb\"},\"inLanguage\":\"fi\",\"potentialAction\":[{\"@type\":\"ReadAction\",\"target\":[\"https:\/\/www.mieli-testi.org\/blog\/autismi\/i-am-autistic-now-what\/\"]}]},{\"@type\":\"BreadcrumbList\",\"@id\":\"https:\/\/www.mieli-testi.org\/blog\/autismi\/i-am-autistic-now-what\/#breadcrumb\",\"itemListElement\":[{\"@type\":\"ListItem\",\"position\":1,\"name\":\"Home\",\"item\":\"https:\/\/www.mieli-testi.org\/blog\/\"},{\"@type\":\"ListItem\",\"position\":2,\"name\":\"I am autistic now what\"}]},{\"@type\":\"Person\",\"@id\":\"https:\/\/www.mieli-testi.org\/blog\/#\/schema\/person\/8eb1bcaf59fea75c780c11946f4e3490\",\"name\":\"Mieli Testi\",\"image\":{\"@type\":\"ImageObject\",\"@id\":\"https:\/\/www.mieli-testi.org\/blog\/#personlogo\",\"inLanguage\":\"fi\",\"url\":\"https:\/\/secure.gravatar.com\/avatar\/6743211f010801ea26aa9423a2daab37?s=96&d=mm&r=g\",\"contentUrl\":\"https:\/\/secure.gravatar.com\/avatar\/6743211f010801ea26aa9423a2daab37?s=96&d=mm&r=g\",\"caption\":\"Mieli Testi\"},\"sameAs\":[\"https:\/\/www.mieli-testi.org\/blog\"],\"url\":\"https:\/\/www.mieli-testi.org\/blog\/author\/diagnostyka-umyslu\/\"}]}<\/script>\n<!-- \/ Yoast SEO plugin. -->","yoast_head_json":{"title":"I am autistic now what - Mieli Testi","robots":{"index":"index","follow":"follow","max-snippet":"max-snippet:-1","max-image-preview":"max-image-preview:large","max-video-preview":"max-video-preview:-1"},"canonical":"https:\/\/www.mieli-testi.org\/blog\/autismi\/i-am-autistic-now-what\/","og_locale":"fi_FI","og_type":"article","og_title":"I am autistic now what - Mieli Testi","og_description":"Autistina el\u00e4m\u00e4ss\u00e4: Mit\u00e4 se tarkoittaa ja miten selviyty\u00e4 arjessa? Autismi on neurologinen kehitysh\u00e4iri\u00f6, joka vaikuttaa yksil\u00f6n kommunikointiin, sosiaalisiin vuorovaikutustaitoihin ja k\u00e4ytt\u00e4ytymiseen. Se on monimuotoinen h\u00e4iri\u00f6,...","og_url":"https:\/\/www.mieli-testi.org\/blog\/autismi\/i-am-autistic-now-what\/","og_site_name":"Mieli Testi","article_published_time":"2025-02-11T05:30:22+00:00","article_modified_time":"2025-02-11T16:51:20+00:00","og_image":[{"width":256,"height":256,"url":"https:\/\/www.mieli-testi.org\/blog\/wp-content\/uploads\/2025\/02\/image-20.png","type":"image\/png"}],"twitter_card":"summary_large_image","twitter_misc":{"Kirjoittanut":"Mieli Testi","Arvioitu lukuaika":"3 minuuttia"},"schema":{"@context":"https:\/\/schema.org","@graph":[{"@type":"WebSite","@id":"https:\/\/www.mieli-testi.org\/blog\/#website","url":"https:\/\/www.mieli-testi.org\/blog\/","name":"Mieli Testi","description":"Blogi mielen h\u00e4iri\u00f6ist\u00e4","potentialAction":[{"@type":"SearchAction","target":{"@type":"EntryPoint","urlTemplate":"https:\/\/www.mieli-testi.org\/blog\/?s={search_term_string}"},"query-input":"required name=search_term_string"}],"inLanguage":"fi"},{"@type":"ImageObject","@id":"https:\/\/www.mieli-testi.org\/blog\/autismi\/i-am-autistic-now-what\/#primaryimage","inLanguage":"fi","url":"https:\/\/www.mieli-testi.org\/blog\/wp-content\/uploads\/2025\/02\/image-20.png","contentUrl":"https:\/\/www.mieli-testi.org\/blog\/wp-content\/uploads\/2025\/02\/image-20.png","width":256,"height":256},{"@type":"WebPage","@id":"https:\/\/www.mieli-testi.org\/blog\/autismi\/i-am-autistic-now-what\/#webpage","url":"https:\/\/www.mieli-testi.org\/blog\/autismi\/i-am-autistic-now-what\/","name":"I am autistic now what - Mieli Testi","isPartOf":{"@id":"https:\/\/www.mieli-testi.org\/blog\/#website"},"primaryImageOfPage":{"@id":"https:\/\/www.mieli-testi.org\/blog\/autismi\/i-am-autistic-now-what\/#primaryimage"},"datePublished":"2025-02-11T05:30:22+00:00","dateModified":"2025-02-11T16:51:20+00:00","author":{"@id":"https:\/\/www.mieli-testi.org\/blog\/#\/schema\/person\/8eb1bcaf59fea75c780c11946f4e3490"},"breadcrumb":{"@id":"https:\/\/www.mieli-testi.org\/blog\/autismi\/i-am-autistic-now-what\/#breadcrumb"},"inLanguage":"fi","potentialAction":[{"@type":"ReadAction","target":["https:\/\/www.mieli-testi.org\/blog\/autismi\/i-am-autistic-now-what\/"]}]},{"@type":"BreadcrumbList","@id":"https:\/\/www.mieli-testi.org\/blog\/autismi\/i-am-autistic-now-what\/#breadcrumb","itemListElement":[{"@type":"ListItem","position":1,"name":"Home","item":"https:\/\/www.mieli-testi.org\/blog\/"},{"@type":"ListItem","position":2,"name":"I am autistic now what"}]},{"@type":"Person","@id":"https:\/\/www.mieli-testi.org\/blog\/#\/schema\/person\/8eb1bcaf59fea75c780c11946f4e3490","name":"Mieli Testi","image":{"@type":"ImageObject","@id":"https:\/\/www.mieli-testi.org\/blog\/#personlogo","inLanguage":"fi","url":"https:\/\/secure.gravatar.com\/avatar\/6743211f010801ea26aa9423a2daab37?s=96&d=mm&r=g","contentUrl":"https:\/\/secure.gravatar.com\/avatar\/6743211f010801ea26aa9423a2daab37?s=96&d=mm&r=g","caption":"Mieli Testi"},"sameAs":["https:\/\/www.mieli-testi.org\/blog"],"url":"https:\/\/www.mieli-testi.org\/blog\/author\/diagnostyka-umyslu\/"}]}},"amp_enabled":true,"_links":{"self":[{"href":"https:\/\/www.mieli-testi.org\/blog\/wp-json\/wp\/v2\/posts\/3268"}],"collection":[{"href":"https:\/\/www.mieli-testi.org\/blog\/wp-json\/wp\/v2\/posts"}],"about":[{"href":"https:\/\/www.mieli-testi.org\/blog\/wp-json\/wp\/v2\/types\/post"}],"author":[{"embeddable":true,"href":"https:\/\/www.mieli-testi.org\/blog\/wp-json\/wp\/v2\/users\/1"}],"replies":[{"embeddable":true,"href":"https:\/\/www.mieli-testi.org\/blog\/wp-json\/wp\/v2\/comments?post=3268"}],"version-history":[{"count":1,"href":"https:\/\/www.mieli-testi.org\/blog\/wp-json\/wp\/v2\/posts\/3268\/revisions"}],"predecessor-version":[{"id":3272,"href":"https:\/\/www.mieli-testi.org\/blog\/wp-json\/wp\/v2\/posts\/3268\/revisions\/3272"}],"wp:featuredmedia":[{"embeddable":true,"href":"https:\/\/www.mieli-testi.org\/blog\/wp-json\/wp\/v2\/media\/3270"}],"wp:attachment":[{"href":"https:\/\/www.mieli-testi.org\/blog\/wp-json\/wp\/v2\/media?parent=3268"}],"wp:term":[{"taxonomy":"category","embeddable":true,"href":"https:\/\/www.mieli-testi.org\/blog\/wp-json\/wp\/v2\/categories?post=3268"},{"taxonomy":"post_tag","embeddable":true,"href":"https:\/\/www.mieli-testi.org\/blog\/wp-json\/wp\/v2\/tags?post=3268"}],"curies":[{"name":"wp","href":"https:\/\/api.w.org\/{rel}","templated":true}]}}