{"id":3242,"date":"2025-02-07T06:30:25","date_gmt":"2025-02-07T05:30:25","guid":{"rendered":"https:\/\/www.mieli-testi.org\/blog\/autismi\/miten-autismi-ilmenee\/"},"modified":"2025-02-07T06:30:25","modified_gmt":"2025-02-07T05:30:25","slug":"miten-autismi-ilmenee","status":"publish","type":"post","link":"https:\/\/www.mieli-testi.org\/blog\/autismi\/miten-autismi-ilmenee\/","title":{"rendered":"Miten autismi ilmenee"},"content":{"rendered":"<div class='topics'>\n<div class='topic'>\n<h2>Autismin oireet ja niiden ilmeneminen lapsilla &#8211; Miten tunnistaa ja havaita autismi varhaisessa vaiheessa?<\/h2>\n<p>Autismi on neurologinen kehitysh\u00e4iri\u00f6, joka vaikuttaa lapsen kykyyn kommunikoida ja sosiaalistua muiden ihmisten kanssa. Se ilmenee yleens\u00e4 jo varhaislapsuudessa ja vaikuttaa lapsen koko el\u00e4m\u00e4\u00e4n. Autismin oireet voivat vaihdella suuresti eri lapsilla, mutta on olemassa tiettyj\u00e4 yleisi\u00e4 oireita, jotka auttavat tunnistamaan ja havaitsemaan autismia varhaisessa vaiheessa.<\/p>\n<p>Yksi t\u00e4rkeimmist\u00e4 autismin oireista on vaikeus kommunikoida ja vuorovaikutuksessa muiden kanssa. T\u00e4m\u00e4 voi ilmet\u00e4 esimerkiksi vaikeutena ymm\u00e4rt\u00e4\u00e4 toisten ihmisten tunteita ja tarpeita, vaikeutena aloittaa ja yll\u00e4pit\u00e4\u00e4 keskustelua tai vaikeutena k\u00e4ytt\u00e4\u00e4 eleit\u00e4 ja ilmeit\u00e4 kommunikoinnissa. Lapset, joilla on autismi, voivat my\u00f6s olla hyvin hiljaisia tai puhua hyvin v\u00e4h\u00e4n, ja heill\u00e4 voi olla vaikeuksia ymm\u00e4rt\u00e4\u00e4 puhetta ja ki<\/p>\n<\/div>\n<div class='topic'>\n<h2>Autismin ilmeneminen aikuisilla &#8211; Mitk\u00e4 ovat yleisimm\u00e4t oireet ja miten ne vaikuttavat arkeen?<\/h2>\n<p>Autismi on neurologinen kehitysh\u00e4iri\u00f6, joka vaikuttaa yksil\u00f6n sosiaaliseen vuorovaikutukseen, kommunikointiin ja k\u00e4ytt\u00e4ytymiseen. Usein autismi diagnosoidaan jo lapsuudessa, mutta se voi my\u00f6s ilmet\u00e4 aikuisi\u00e4ll\u00e4. Aikuisi\u00e4n autismi on usein vaikeampi tunnistaa ja diagnosoida, sill\u00e4 oireet voivat olla lievempi\u00e4 ja ne voivat peitty\u00e4 aikuisen el\u00e4m\u00e4ntapojen ja tottumusten alle.<\/p>\n<p>Yleisimm\u00e4t oireet aikuisi\u00e4n autismissa ovat vaikeudet sosiaalisessa vuorovaikutuksessa ja kommunikoinnissa. Aikuisena autistinen henkil\u00f6 voi tuntea olonsa ep\u00e4mukavaksi sosiaalisissa tilanteissa ja v\u00e4ltell\u00e4 niit\u00e4. H\u00e4n voi my\u00f6s olla vaikeuksissa ymm\u00e4rt\u00e4\u00e4 sosiaalisia vihjeit\u00e4 ja eleit\u00e4, mik\u00e4 voi johtaa v\u00e4\u00e4rinymm\u00e4rryksiin ja kommunikaatiovaikeuksiin. Lis\u00e4ksi autistinen aikuinen voi olla hyvin j\u00e4ykk\u00e4 ja tarkka<\/p>\n<\/div>\n<div class='topic'>\n<h2>Autismin ilmeneminen eri asteisena &#8211; Mit\u00e4 eroa on liev\u00e4ll\u00e4 ja vaikealla autismilla?<\/h2>\n<p>Autismi on neurologinen kehitysh\u00e4iri\u00f6, joka vaikuttaa yksil\u00f6n sosiaaliseen vuorovaikutukseen, kommunikointiin ja k\u00e4ytt\u00e4ytymiseen. Se ilmenee eri asteisena ja voi vaihdella liev\u00e4st\u00e4 vaikeaan. T\u00e4ss\u00e4 artikkelissa k\u00e4sittelemme autismia ja sen ilmenemist\u00e4 eri asteisena sek\u00e4 eroja liev\u00e4n ja vaikean autisminkin v\u00e4lill\u00e4.<\/p>\n<p>Liev\u00e4 autismi<\/p>\n<p>Liev\u00e4 autismi tunnetaan my\u00f6s nimell\u00e4 Aspergerin oireyhtym\u00e4. Se on autismikirjon h\u00e4iri\u00f6, jossa yksil\u00f6ll\u00e4 on vaikeuksia sosiaalisessa vuorovaikutuksessa ja kommunikoinnissa, mutta h\u00e4nen kielelliset taitonsa ovat yleens\u00e4 normaalit. Liev\u00e4sti autistinen henkil\u00f6 voi olla hyvin \u00e4lyk\u00e4s ja lahjakas tietyill\u00e4 alueilla, kuten matematiikassa tai musiikissa.<\/p>\n<p>Liev\u00e4sti autistinen henkil\u00f6 voi olla hyvin tarkkaavainen yksityiskohdille ja noudattaa tarkasti rutiinejaan<\/p>\n<\/div>\n<div class='topic'>\n<h2>Autismin ilmeneminen sosiaalisissa tilanteissa &#8211; Miten autismi vaikuttaa vuorovaikutukseen ja kommunikointiin muiden kanssa?<\/h2>\n<p>Autismi on neurobiologinen kehitysh\u00e4iri\u00f6, joka vaikuttaa yksil\u00f6n kykyyn kommunikoida ja vuorovaikuttaa muiden ihmisten kanssa. Se ilmenee usein jo varhaislapsuudessa ja vaikuttaa yksil\u00f6n el\u00e4m\u00e4\u00e4n l\u00e4pi koko el\u00e4m\u00e4n.<\/p>\n<p>Yksi autismille tyypillinen piirre on vaikeus ymm\u00e4rt\u00e4\u00e4 ja k\u00e4ytt\u00e4\u00e4 sosiaalisia taitoja. T\u00e4m\u00e4 voi johtaa vaikeuksiin vuorovaikutuksessa muiden ihmisten kanssa ja kommunikoinnissa heid\u00e4n kanssaan. Autistiset henkil\u00f6t saattavat esimerkiksi olla vaikeuksissa ymm\u00e4rt\u00e4\u00e4 toisten ihmisten tunteita ja tarpeita, mik\u00e4 voi johtaa haasteisiin sosiaalisissa tilanteissa.<\/p>\n<p>Autismi vaikuttaa my\u00f6s yksil\u00f6n kykyyn lukea ja tulkita ei-verbaalisia viestej\u00e4, kuten ilmeit\u00e4, eleit\u00e4 ja \u00e4\u00e4nens\u00e4vyj\u00e4. T\u00e4m\u00e4 voi vaikeuttaa vuorovaikutusta ja kommunikointia, sill\u00e4 n\u00e4m\u00e4 viestit ovat t\u00e4rkeit\u00e4 osa ihmisten<\/p>\n<\/div>\n<\/div>\n","protected":false},"excerpt":{"rendered":"<p>Autismin oireet ja niiden ilmeneminen lapsilla &#8211; Miten tunnistaa ja havaita autismi varhaisessa vaiheessa? Autismi on neurologinen kehitysh\u00e4iri\u00f6, joka vaikuttaa lapsen kykyyn kommunikoida ja sosiaalistua&#8230;<\/p>\n","protected":false},"author":1,"featured_media":3244,"comment_status":"","ping_status":"open","sticky":false,"template":"","format":"standard","meta":{"inline_featured_image":false},"categories":[849],"tags":[],"yoast_head":"<!-- This site is optimized with the Yoast SEO plugin v18.1 - https:\/\/yoast.com\/wordpress\/plugins\/seo\/ -->\n<title>Miten autismi ilmenee - Mieli Testi<\/title>\n<meta name=\"robots\" content=\"index, follow, max-snippet:-1, max-image-preview:large, max-video-preview:-1\" \/>\n<link rel=\"canonical\" href=\"https:\/\/www.mieli-testi.org\/blog\/autismi\/miten-autismi-ilmenee\/\" \/>\n<meta property=\"og:locale\" content=\"fi_FI\" \/>\n<meta property=\"og:type\" content=\"article\" \/>\n<meta property=\"og:title\" content=\"Miten autismi ilmenee - Mieli Testi\" \/>\n<meta property=\"og:description\" content=\"Autismin oireet ja niiden ilmeneminen lapsilla &#8211; Miten tunnistaa ja havaita autismi varhaisessa vaiheessa? Autismi on neurologinen kehitysh\u00e4iri\u00f6, joka vaikuttaa lapsen kykyyn kommunikoida ja sosiaalistua...\" \/>\n<meta property=\"og:url\" content=\"https:\/\/www.mieli-testi.org\/blog\/autismi\/miten-autismi-ilmenee\/\" \/>\n<meta property=\"og:site_name\" content=\"Mieli Testi\" \/>\n<meta property=\"article:published_time\" content=\"2025-02-07T05:30:25+00:00\" \/>\n<meta name=\"twitter:card\" content=\"summary_large_image\" \/>\n<meta name=\"twitter:label1\" content=\"Kirjoittanut\" \/>\n\t<meta name=\"twitter:data1\" content=\"Mieli Testi\" \/>\n\t<meta name=\"twitter:label2\" content=\"Arvioitu lukuaika\" \/>\n\t<meta name=\"twitter:data2\" content=\"2 minuuttia\" \/>\n<script type=\"application\/ld+json\" class=\"yoast-schema-graph\">{\"@context\":\"https:\/\/schema.org\",\"@graph\":[{\"@type\":\"WebSite\",\"@id\":\"https:\/\/www.mieli-testi.org\/blog\/#website\",\"url\":\"https:\/\/www.mieli-testi.org\/blog\/\",\"name\":\"Mieli Testi\",\"description\":\"Blogi mielen h\u00e4iri\u00f6ist\u00e4\",\"potentialAction\":[{\"@type\":\"SearchAction\",\"target\":{\"@type\":\"EntryPoint\",\"urlTemplate\":\"https:\/\/www.mieli-testi.org\/blog\/?s={search_term_string}\"},\"query-input\":\"required name=search_term_string\"}],\"inLanguage\":\"fi\"},{\"@type\":\"ImageObject\",\"@id\":\"https:\/\/www.mieli-testi.org\/blog\/autismi\/miten-autismi-ilmenee\/#primaryimage\",\"inLanguage\":\"fi\",\"url\":\"https:\/\/www.mieli-testi.org\/blog\/wp-content\/uploads\/2025\/02\/image-12.png\",\"contentUrl\":\"https:\/\/www.mieli-testi.org\/blog\/wp-content\/uploads\/2025\/02\/image-12.png\",\"width\":256,\"height\":256},{\"@type\":\"WebPage\",\"@id\":\"https:\/\/www.mieli-testi.org\/blog\/autismi\/miten-autismi-ilmenee\/#webpage\",\"url\":\"https:\/\/www.mieli-testi.org\/blog\/autismi\/miten-autismi-ilmenee\/\",\"name\":\"Miten autismi ilmenee - Mieli Testi\",\"isPartOf\":{\"@id\":\"https:\/\/www.mieli-testi.org\/blog\/#website\"},\"primaryImageOfPage\":{\"@id\":\"https:\/\/www.mieli-testi.org\/blog\/autismi\/miten-autismi-ilmenee\/#primaryimage\"},\"datePublished\":\"2025-02-07T05:30:25+00:00\",\"dateModified\":\"2025-02-07T05:30:25+00:00\",\"author\":{\"@id\":\"https:\/\/www.mieli-testi.org\/blog\/#\/schema\/person\/8eb1bcaf59fea75c780c11946f4e3490\"},\"breadcrumb\":{\"@id\":\"https:\/\/www.mieli-testi.org\/blog\/autismi\/miten-autismi-ilmenee\/#breadcrumb\"},\"inLanguage\":\"fi\",\"potentialAction\":[{\"@type\":\"ReadAction\",\"target\":[\"https:\/\/www.mieli-testi.org\/blog\/autismi\/miten-autismi-ilmenee\/\"]}]},{\"@type\":\"BreadcrumbList\",\"@id\":\"https:\/\/www.mieli-testi.org\/blog\/autismi\/miten-autismi-ilmenee\/#breadcrumb\",\"itemListElement\":[{\"@type\":\"ListItem\",\"position\":1,\"name\":\"Home\",\"item\":\"https:\/\/www.mieli-testi.org\/blog\/\"},{\"@type\":\"ListItem\",\"position\":2,\"name\":\"Miten autismi ilmenee\"}]},{\"@type\":\"Person\",\"@id\":\"https:\/\/www.mieli-testi.org\/blog\/#\/schema\/person\/8eb1bcaf59fea75c780c11946f4e3490\",\"name\":\"Mieli Testi\",\"image\":{\"@type\":\"ImageObject\",\"@id\":\"https:\/\/www.mieli-testi.org\/blog\/#personlogo\",\"inLanguage\":\"fi\",\"url\":\"https:\/\/secure.gravatar.com\/avatar\/6743211f010801ea26aa9423a2daab37?s=96&d=mm&r=g\",\"contentUrl\":\"https:\/\/secure.gravatar.com\/avatar\/6743211f010801ea26aa9423a2daab37?s=96&d=mm&r=g\",\"caption\":\"Mieli Testi\"},\"sameAs\":[\"https:\/\/www.mieli-testi.org\/blog\"],\"url\":\"https:\/\/www.mieli-testi.org\/blog\/author\/diagnostyka-umyslu\/\"}]}<\/script>\n<!-- \/ Yoast SEO plugin. -->","yoast_head_json":{"title":"Miten autismi ilmenee - Mieli Testi","robots":{"index":"index","follow":"follow","max-snippet":"max-snippet:-1","max-image-preview":"max-image-preview:large","max-video-preview":"max-video-preview:-1"},"canonical":"https:\/\/www.mieli-testi.org\/blog\/autismi\/miten-autismi-ilmenee\/","og_locale":"fi_FI","og_type":"article","og_title":"Miten autismi ilmenee - Mieli Testi","og_description":"Autismin oireet ja niiden ilmeneminen lapsilla &#8211; Miten tunnistaa ja havaita autismi varhaisessa vaiheessa? Autismi on neurologinen kehitysh\u00e4iri\u00f6, joka vaikuttaa lapsen kykyyn kommunikoida ja sosiaalistua...","og_url":"https:\/\/www.mieli-testi.org\/blog\/autismi\/miten-autismi-ilmenee\/","og_site_name":"Mieli Testi","article_published_time":"2025-02-07T05:30:25+00:00","twitter_card":"summary_large_image","twitter_misc":{"Kirjoittanut":"Mieli Testi","Arvioitu lukuaika":"2 minuuttia"},"schema":{"@context":"https:\/\/schema.org","@graph":[{"@type":"WebSite","@id":"https:\/\/www.mieli-testi.org\/blog\/#website","url":"https:\/\/www.mieli-testi.org\/blog\/","name":"Mieli Testi","description":"Blogi mielen h\u00e4iri\u00f6ist\u00e4","potentialAction":[{"@type":"SearchAction","target":{"@type":"EntryPoint","urlTemplate":"https:\/\/www.mieli-testi.org\/blog\/?s={search_term_string}"},"query-input":"required name=search_term_string"}],"inLanguage":"fi"},{"@type":"ImageObject","@id":"https:\/\/www.mieli-testi.org\/blog\/autismi\/miten-autismi-ilmenee\/#primaryimage","inLanguage":"fi","url":"https:\/\/www.mieli-testi.org\/blog\/wp-content\/uploads\/2025\/02\/image-12.png","contentUrl":"https:\/\/www.mieli-testi.org\/blog\/wp-content\/uploads\/2025\/02\/image-12.png","width":256,"height":256},{"@type":"WebPage","@id":"https:\/\/www.mieli-testi.org\/blog\/autismi\/miten-autismi-ilmenee\/#webpage","url":"https:\/\/www.mieli-testi.org\/blog\/autismi\/miten-autismi-ilmenee\/","name":"Miten autismi ilmenee - Mieli Testi","isPartOf":{"@id":"https:\/\/www.mieli-testi.org\/blog\/#website"},"primaryImageOfPage":{"@id":"https:\/\/www.mieli-testi.org\/blog\/autismi\/miten-autismi-ilmenee\/#primaryimage"},"datePublished":"2025-02-07T05:30:25+00:00","dateModified":"2025-02-07T05:30:25+00:00","author":{"@id":"https:\/\/www.mieli-testi.org\/blog\/#\/schema\/person\/8eb1bcaf59fea75c780c11946f4e3490"},"breadcrumb":{"@id":"https:\/\/www.mieli-testi.org\/blog\/autismi\/miten-autismi-ilmenee\/#breadcrumb"},"inLanguage":"fi","potentialAction":[{"@type":"ReadAction","target":["https:\/\/www.mieli-testi.org\/blog\/autismi\/miten-autismi-ilmenee\/"]}]},{"@type":"BreadcrumbList","@id":"https:\/\/www.mieli-testi.org\/blog\/autismi\/miten-autismi-ilmenee\/#breadcrumb","itemListElement":[{"@type":"ListItem","position":1,"name":"Home","item":"https:\/\/www.mieli-testi.org\/blog\/"},{"@type":"ListItem","position":2,"name":"Miten autismi ilmenee"}]},{"@type":"Person","@id":"https:\/\/www.mieli-testi.org\/blog\/#\/schema\/person\/8eb1bcaf59fea75c780c11946f4e3490","name":"Mieli Testi","image":{"@type":"ImageObject","@id":"https:\/\/www.mieli-testi.org\/blog\/#personlogo","inLanguage":"fi","url":"https:\/\/secure.gravatar.com\/avatar\/6743211f010801ea26aa9423a2daab37?s=96&d=mm&r=g","contentUrl":"https:\/\/secure.gravatar.com\/avatar\/6743211f010801ea26aa9423a2daab37?s=96&d=mm&r=g","caption":"Mieli Testi"},"sameAs":["https:\/\/www.mieli-testi.org\/blog"],"url":"https:\/\/www.mieli-testi.org\/blog\/author\/diagnostyka-umyslu\/"}]}},"amp_enabled":true,"_links":{"self":[{"href":"https:\/\/www.mieli-testi.org\/blog\/wp-json\/wp\/v2\/posts\/3242"}],"collection":[{"href":"https:\/\/www.mieli-testi.org\/blog\/wp-json\/wp\/v2\/posts"}],"about":[{"href":"https:\/\/www.mieli-testi.org\/blog\/wp-json\/wp\/v2\/types\/post"}],"author":[{"embeddable":true,"href":"https:\/\/www.mieli-testi.org\/blog\/wp-json\/wp\/v2\/users\/1"}],"replies":[{"embeddable":true,"href":"https:\/\/www.mieli-testi.org\/blog\/wp-json\/wp\/v2\/comments?post=3242"}],"version-history":[{"count":0,"href":"https:\/\/www.mieli-testi.org\/blog\/wp-json\/wp\/v2\/posts\/3242\/revisions"}],"wp:featuredmedia":[{"embeddable":true,"href":"https:\/\/www.mieli-testi.org\/blog\/wp-json\/wp\/v2\/media\/3244"}],"wp:attachment":[{"href":"https:\/\/www.mieli-testi.org\/blog\/wp-json\/wp\/v2\/media?parent=3242"}],"wp:term":[{"taxonomy":"category","embeddable":true,"href":"https:\/\/www.mieli-testi.org\/blog\/wp-json\/wp\/v2\/categories?post=3242"},{"taxonomy":"post_tag","embeddable":true,"href":"https:\/\/www.mieli-testi.org\/blog\/wp-json\/wp\/v2\/tags?post=3242"}],"curies":[{"name":"wp","href":"https:\/\/api.w.org\/{rel}","templated":true}]}}